{"id":6923,"date":"2025-10-16T14:46:08","date_gmt":"2025-10-16T12:46:08","guid":{"rendered":"https:\/\/www.hb2.tuwien.ac.at\/?p=6923"},"modified":"2026-04-22T15:49:11","modified_gmt":"2026-04-22T13:49:11","slug":"lightness-is-a-choice","status":"publish","type":"post","link":"https:\/\/www.hb2.tuwien.ac.at\/en\/lightness-is-a-choice\/","title":{"rendered":"design studio \/\/ Lightness is a choice"},"content":{"rendered":"<p><strong>INES LOBO\u00a0<\/strong><\/p>\n<p><a href=\"https:\/\/www.ilobo.pt\/\" rel=\"nofollow\">https:\/\/www.ilobo.pt\/<\/a><\/p>\n<p>In\u00eas Lobo ist eine portugiesische Architektin, die f\u00fcr ihre innovative und kontextbewusste Architektur bekannt ist. Sie begann ihr Architekturstudium mit einem pr\u00e4genden Jahr an der Escola do Porto und schloss es 1989 in Lissabon ab. Zun\u00e4chst arbeitete sie mit ihrem ehemaligen Lehrer Carrilho da Gra\u00e7a zusammen und gr\u00fcndete 2002 ihr eigenes B\u00fcro, In\u00eas Lobo Arquitectos. Ihr Werk umfasst Projekte in den Bereichen Bildung, Umnutzung von Bestandsgeb\u00e4uden und Projekte im \u00f6ffentlichen Raum, wobei sie oft bestehende Strukturen behutsam neu in den urbanen Kontext integriert.<\/p>\n<p>Lobo ist zudem als Dozentin und Kuratorin t\u00e4tig. 2012 konzipierte sie die Ausstellung Lisbon Ground \u2013 den portugiesischen Beitrag zur Architekturbiennale in Venedig.\u00a0Unmittelbar nach ihrem Studium begann sie als Dozentin an der Technischen Universit\u00e4t Lissabon zu arbeiten und ist seitdem in der Lehre t\u00e4tig.<\/p>\n<p>Sie wurde mehrfach ausgezeichnet, unter anderem mit dem &lt;ArcVision Prize \u2013 Women and Architecture&gt; im Jahr 2014 und dem &lt;AICA\/MC\/Millennium BCP&gt; Preis im Jahr 2017.<\/p>\n<p><strong>ENTWURFSAUFGABE<\/strong><\/p>\n<p>Die Entwurfsaufgabe besteht darin eine \u201ePraktische Utopie\u201c zu entwickelt die zugleich ein Manifest zum Thema Bauen verk\u00f6rpert.<\/p>\n<p>Praktische Utopien sind ambitioniert, revolution\u00e4r und streben nach Verwirklichung.<\/p>\n<p>Wir untersuchen das Gebiet entlang der alten Milit\u00e4rstra\u00dfe und des Flusses Tranc\u00e3o \u2013 zwischen den Gemeinden Lissabon, Odivelas und Loures. Dieses Gebiet wurde lange st\u00e4dtebaulich vernachl\u00e4ssigt. Als Konsequenz daraus entstanden weitl\u00e4ufige Restfl\u00e4chen deren Potential als Orte der Transformation wir nutzen.<\/p>\n<p>Wir beginnen mit der Vision einer Stadt, in der ein landwirtschaftlicher Produktionspark das Tranc\u00e3o-Tal mit Monsanto verbindet, ein Aqu\u00e4dukt Wasser, Energie und Daten transportiert und ein leichtes Mobilit\u00e4tssystem entlang der alten Milit\u00e4rstra\u00dfe verl\u00e4uft.<\/p>\n<p>Unser Ziel ist es ein multifunktionales Geb\u00e4ude zu schaffen, das ein neues Gleichgewicht zwischen \u00f6ffentlichem R\u00e4um und Infrastruktur schafft \u2013 Wir nennen es \u201eSocial Palace\u201c.<\/p>\n<p>Ein wichtiger Aspekt der Entwurfsaufgabe wird sein, ein konstruktive System zu entwickeln das vielf\u00e4ltige L\u00f6sungen f\u00fcr spezifische Herausforderungen bieten kann und Leichtigkeit als Leitprinzip f\u00fcr Innovation und Resilienz w\u00e4hlt.<\/p>\n<p><strong>ZEITPLAN<\/strong><\/p>\n<p>&#8211; Intro 1. Okt. 2025 um 14:00Uhr<\/p>\n<p>&#8211;\u00a0Kick-Off Meeting mit In\u00eas Lobo 8. Okt. 2025 13:00Uhr<\/p>\n<p>&#8211; Betreuung w\u00f6chentlich Mittwoch Nachmittag und\u00a0Donnerstag Vormittag<\/p>\n<p>&#8211; Exkursion Lissabon &#8211; Kernprogramm 29.\/30. Okt. 2025<\/p>\n<p>&#8211; Zwischenpr\u00e4sentation 3.\/4. Dez. 2025<\/p>\n<p>&#8211; Schlusspr\u00e4sentation 28.\/29. J\u00e4n. 2026<\/p>\n<h4>Vortragende Personen<\/h4>\n<ul class=\"bulletList\">\n<li><a id=\"j_id_2w:j_id_56:0:j_id_59:personLink\" href=\"https:\/\/tiss.tuwien.ac.at\/adressbuch\/adressbuch\/person\/438510\" target=\"_blank\" rel=\"noopener\" name=\"j_id_2w:j_id_56:0:j_id_59:personLink\">Lobo, Ines<\/a><\/li>\n<li><a id=\"j_id_2w:j_id_56:1:j_id_59:personLink\" href=\"https:\/\/tiss.tuwien.ac.at\/adressbuch\/adressbuch\/person\/199512\" target=\"_blank\" rel=\"noopener\" name=\"j_id_2w:j_id_56:1:j_id_59:personLink\">Klausberger, Ines<\/a><\/li>\n<\/ul>\n<p><a href=\"https:\/\/www.hb2.tuwien.ac.at\/wp-content\/uploads\/250909-Entwerfenplakat_Seite_05-2-scaled.jpg\"><img loading=\"lazy\" decoding=\"async\" class=\"alignnone size-full wp-image-6924\" src=\"https:\/\/www.hb2.tuwien.ac.at\/wp-content\/uploads\/250909-Entwerfenplakat_Seite_05-2-scaled.jpg\" alt=\"\" width=\"1278\" height=\"2560\" srcset=\"https:\/\/www.hb2.tuwien.ac.at\/wp-content\/uploads\/250909-Entwerfenplakat_Seite_05-2-scaled.jpg 1278w, https:\/\/www.hb2.tuwien.ac.at\/wp-content\/uploads\/250909-Entwerfenplakat_Seite_05-2-scaled-599x1200.jpg 599w, https:\/\/www.hb2.tuwien.ac.at\/wp-content\/uploads\/250909-Entwerfenplakat_Seite_05-2-scaled-998x2000.jpg 998w\" sizes=\"auto, (max-width: 1278px) 100vw, 1278px\" \/><\/a><\/p>\n","protected":false},"excerpt":{"rendered":"<p>INES LOBO\u00a0 https:\/\/www.ilobo.pt\/ In\u00eas Lobo ist eine portugiesische Architektin, die f\u00fcr ihre innovative und kontextbewusste Architektur bekannt ist. Sie begann ihr Architekturstudium mit einem pr\u00e4genden Jahr an der Escola do Porto und&hellip;<\/p>\n","protected":false},"author":7,"featured_media":6925,"comment_status":"closed","ping_status":"closed","sticky":false,"template":"","format":"standard","meta":{"footnotes":""},"categories":[257,165],"tags":[],"class_list":["post-6923","post","type-post","status-publish","format-standard","has-post-thumbnail","hentry","category-design-bachelor","category-design-master"],"publishpress_future_action":{"enabled":false,"date":"2026-05-07 14:26:25","action":"change-status","newStatus":"draft","terms":[],"taxonomy":"category","extraData":[]},"publishpress_future_workflow_manual_trigger":{"enabledWorkflows":[]},"_links":{"self":[{"href":"https:\/\/www.hb2.tuwien.ac.at\/en\/wp-json\/wp\/v2\/posts\/6923","targetHints":{"allow":["GET"]}}],"collection":[{"href":"https:\/\/www.hb2.tuwien.ac.at\/en\/wp-json\/wp\/v2\/posts"}],"about":[{"href":"https:\/\/www.hb2.tuwien.ac.at\/en\/wp-json\/wp\/v2\/types\/post"}],"author":[{"embeddable":true,"href":"https:\/\/www.hb2.tuwien.ac.at\/en\/wp-json\/wp\/v2\/users\/7"}],"replies":[{"embeddable":true,"href":"https:\/\/www.hb2.tuwien.ac.at\/en\/wp-json\/wp\/v2\/comments?post=6923"}],"version-history":[{"count":1,"href":"https:\/\/www.hb2.tuwien.ac.at\/en\/wp-json\/wp\/v2\/posts\/6923\/revisions"}],"predecessor-version":[{"id":7630,"href":"https:\/\/www.hb2.tuwien.ac.at\/en\/wp-json\/wp\/v2\/posts\/6923\/revisions\/7630"}],"wp:featuredmedia":[{"embeddable":true,"href":"https:\/\/www.hb2.tuwien.ac.at\/en\/wp-json\/wp\/v2\/media\/6925"}],"wp:attachment":[{"href":"https:\/\/www.hb2.tuwien.ac.at\/en\/wp-json\/wp\/v2\/media?parent=6923"}],"wp:term":[{"taxonomy":"category","embeddable":true,"href":"https:\/\/www.hb2.tuwien.ac.at\/en\/wp-json\/wp\/v2\/categories?post=6923"},{"taxonomy":"post_tag","embeddable":true,"href":"https:\/\/www.hb2.tuwien.ac.at\/en\/wp-json\/wp\/v2\/tags?post=6923"}],"curies":[{"name":"wp","href":"https:\/\/api.w.org\/{rel}","templated":true}]}}