{"id":4221,"date":"2021-06-01T11:51:21","date_gmt":"2021-06-01T09:51:21","guid":{"rendered":"https:\/\/www.hb2.tuwien.ac.at\/?p=4221"},"modified":"2024-07-18T19:33:06","modified_gmt":"2024-07-18T17:33:06","slug":"test-bilder","status":"publish","type":"post","link":"https:\/\/www.hb2.tuwien.ac.at\/en\/test-bilder\/","title":{"rendered":"Entwerfen \/\/ Staycation 1:1 kanalWAL"},"content":{"rendered":"<p class=\"qtranxs-available-languages-message qtranxs-available-languages-message-en\">Sorry, this entry is only available in <a href=\"https:\/\/www.hb2.tuwien.ac.at\/de\/wp-json\/wp\/v2\/posts\/4221\" class=\"qtranxs-available-language-link qtranxs-available-language-link-de\" title=\"DE\">DE<\/a>.<\/p><h5><strong><a href=\"https:\/\/www.instagram.com\/kanal_wal\/?utm_medium=copy_link\">Instagram<\/a><\/strong><br \/>\n<strong><a href=\"https:\/\/www.facebook.com\/profile.php?id=100068840095372\">Facebook\u00a0<\/a><br \/>\n<a href=\"https:\/\/www.hb2.tuwien.ac.at\/s-t-a-y-c-a-t-i-o-n-kanalwal\/\">Book STAYCATION \/\/ kanalWAL<\/a><\/strong><\/h5>\n<p>&nbsp;<\/p>\n<h3><strong>S T A Y C A T I O N \/\/ kanalWAL<\/strong><\/h3>\n<p>Donaukanal, H\u00f6he Rotundenbr\u00fccke, 1020 Wien<\/p>\n<p>S T A Y C A T I O N \u2013 als englische \u00dcbersetzung von \u201eUrlaub zu Hause\u201c\u00a0und\u00a0als Vorschlag zur zukunftsf\u00e4higen Weiterentwicklung von vacation fokussiert auf den Donaukanal als (fl\u00fcssigen) \u00f6ffentlichen Raum.<em>\u00a0<\/em>S T A Y C A T I O N ist auf der Suche nach Entw\u00fcrfen f\u00fcr das gute Leben (daily pleasure infrastructures): Einrichtungen und Orte f\u00fcr das allgemeine Wohl mit einem \u00f6ffentlichen Programm f\u00fcr die Postkonsumgesellschaft \u2013 im Vordergrund stehen der Genuss, die Freude, das l\u00e4ssige Sein.<\/p>\n<p>Der kanalWAL ist zum Urlaubmachen nach Wien geschwommen und hat sich nahe der Rotundenbr\u00fccke ans Ufer gelegt. F\u00fcr die Passant*innen am Donaukanal schafft er einen erholsamen Platz, einen Ort zum Verweilen und zum phantasievollen Ausbrechen aus dem Alltag.<\/p>\n<p>Der kanalWAL versteht sich als konstruktiv-k\u00fcnstlerisches Objekt, dessen St\u00e4rke in der Nicht-Allt\u00e4glichkeit seiner Erscheinung liegt. Die reziproke Struktur des <em>kanalWALs <\/em>erm\u00f6glicht die freie Entwicklung der Form und schafft einen hohen Abstraktionsgrad.<\/p>\n<p>Der kanalWAL ist das Verbindungsst\u00fcck vom Land zum Wasser. Er f\u00fchrt die Menschen zum Wasser und das Wasser zu den Menschen. Als offene Raumstruktur ist er eine Einladung zur freien Ben\u00fctzung des Raumes \u2013 f\u00fcr Fu\u00dfg\u00e4nger*innen und Schwimmer*innen gleicherma\u00dfen.<br \/>\nLaufzeit: Montag, 14. Juni bis Sonntag, 4. Juli 2021<\/p>\n<p>Kollektives Whale Watching:<br \/>\n<strong>Mittwoch, 23. Juni, 17.00 Uhr<\/strong> sowie<br \/>\n<strong>Mittwoch, 30. Juni, 17.00 Uhr<\/strong><br \/>\nAnmeldung bis zum Vortag unter: <a href=\"&#109;&#x61;i&#108;&#x74;o&#x3a;&#x77;&#101;&#x69;l&#101;&#x72;&#64;&#104;&#x62;&#50;&#x2e;t&#117;&#x77;i&#101;&#x6e;&#46;&#x61;&#x63;&#46;&#x61;t\">&#119;e&#x69;l&#x65;r&#x40;h&#x62;2&#x2e;t&#x75;&#119;&#x69;&#101;&#x6e;&#46;&#x61;&#99;&#x2e;&#97;&#x74;<\/a><\/p>\n<p>Anwesend sind: Silke Fischer und Elisabeth Weiler gemeinsam mit Studierenden f\u00fcr Ausk\u00fcnfte zum Projekt. Bring your own swimwear f\u00fcr einen gemeinsamen Urlaubsabend am Donaukanal.<\/p>\n<p>Wo: Donaukanal, H\u00f6he Rotundenbr\u00fccke, 1020 Wien<br \/>\nErreichbarkeit: Stra\u00dfenbahn 1, Bus 4a, Wittelsbachstra\u00dfe<\/p>\n<p>Der kanalWal ist ein Projekt aus dem Master-Entwurf S T A Y C A T I O N des Forschungsbereichs Hochbau \u2013 Konstruktion und Entwerfen (E 253\/5) der Fakult\u00e4t f\u00fcr Architektur und Raumplanung der TU Wien (interim. Forschungsbereichsleitung: Michael Seidel, Gastprofessur: Hemma Fasch).<\/p>\n<p>Konzept, Planung und Ausf\u00fchrung:<br \/>\nSilke Fischer und Elisabeth Weiler<\/p>\n<p>gemeinsam mit den Studierenden Deniz Bernhard, Tobias Blind, Lea Bradenbrink, Ece Erdogan, Caridad Flicker, Michaela Fodor, Timo Gassner, Sarah Gold, Dominik H\u00fctter, Elisabeth M\u00f6ller, Mire Neumann, Katharina Pany, Katja Pitschieler, Fabian Quiring, Moira Ruppert, Markus Rupprecht, Gilles Schneider, Julia Stanzel, Laurenz Steixner, Fabian Tinhof, Caroline Weber, Thomas Wimmer<\/p>\n<p>G\u00e4ste und Mitarbeit: Melanie Hammerschmidt, Andreas Heim, Alenka Korenjak,<br \/>\nBianca Gamser, Johannes Fandl<\/p>\n<p>S T A Y C A T I O N \/\/ kanalWAL wird unterst\u00fctzt und gef\u00f6rdert von: K\u00d6R Kunst im \u00f6ffentlichen Raum Wien, DI Wilhelm Sedlak GmbH, TU Wien, Forschungsbereich Hochbau &#8211; Konstruktion und Entwerfen, AK Wien, Bezirkskulturf\u00f6rderung Leopoldstadt, OBI Baumarkt, Aqua Innovation GmbH, Farmsolutions GmbH und Generali Versicherung AG.<\/p>\n<p><strong><a href=\"https:\/\/emedien.arbeiterkammer.at\/viewer\/image\/AC13073662_2021_2\/4\/#topDocAnchor\">ak stadt 02\/21 &#8211; jugend in wien<\/a><br \/>\n<a href=\"https:\/\/emedien.arbeiterkammer.at\/viewer\/image\/AC13073662_2021_2\/4\/#topDocAnchor\">https:\/\/emedien.arbeiterkammer.at\/<\/a><br \/>\n<\/strong>die ak stadt im gespr\u00e4ch mit elisabeth weiler und silke fischer \u2013 \u00fcber das projekt kanalwal und den m\u00f6glichen urlaub am donaukanal<strong><br \/>\n<\/strong><\/p>\n<p><strong><a href=\"https:\/\/www.koer.or.at\/projekte\/s-t-a-y-c-a-t-i-o-n-kanalwal\/\">www.koer.or.at<\/a><br \/>\n<\/strong><br \/>\nfollow us: <strong><a href=\"https:\/\/instagram.com\/kanal_wal?utm_medium=copy_link\">instagram kanal_wal<\/a><\/strong>\u00a0und auf\u00a0<strong><a href=\"https:\/\/m.facebook.com\/Der-Kanalwal-105114971664986\/?ref=bookmarks\">facebook der kanalwal<\/a><\/strong><\/p>\n<p>fotos: \u00a9wolfgang thaler und Thaler Fischer<\/p>\n<div id='gallery-1' class='gallery galleryid-4221 gallery-columns-3 gallery-size-thumbnail'><dl class='gallery-item'>\n\t\t\t<dt class='gallery-icon landscape'>\n\t\t\t\t<a href='https:\/\/www.hb2.tuwien.ac.at\/wp-content\/uploads\/P7041249-1-1-scaled.jpg'><img loading=\"lazy\" decoding=\"async\" width=\"348\" height=\"280\" src=\"https:\/\/www.hb2.tuwien.ac.at\/wp-content\/uploads\/P7041249-1-1-348x280.jpg\" class=\"attachment-thumbnail size-thumbnail\" alt=\"\" \/><\/a>\n\t\t\t<\/dt><\/dl><dl class='gallery-item'>\n\t\t\t<dt class='gallery-icon landscape'>\n\t\t\t\t<a href='https:\/\/www.hb2.tuwien.ac.at\/wp-content\/uploads\/kanalwal_eroeffnung_copyright_wolfgang_thaler-3.jpg'><img loading=\"lazy\" decoding=\"async\" width=\"348\" height=\"280\" src=\"https:\/\/www.hb2.tuwien.ac.at\/wp-content\/uploads\/kanalwal_eroeffnung_copyright_wolfgang_thaler-3-348x280.jpg\" class=\"attachment-thumbnail size-thumbnail\" alt=\"\" \/><\/a>\n\t\t\t<\/dt><\/dl><dl class='gallery-item'>\n\t\t\t<dt class='gallery-icon landscape'>\n\t\t\t\t<a href='https:\/\/www.hb2.tuwien.ac.at\/wp-content\/uploads\/kanalwal_eroeffnung_copyright_wolfgang_thaler-11.jpg'><img loading=\"lazy\" decoding=\"async\" width=\"348\" height=\"280\" src=\"https:\/\/www.hb2.tuwien.ac.at\/wp-content\/uploads\/kanalwal_eroeffnung_copyright_wolfgang_thaler-11-348x280.jpg\" class=\"attachment-thumbnail size-thumbnail\" alt=\"\" \/><\/a>\n\t\t\t<\/dt><\/dl><br style=\"clear: both\" \/><dl class='gallery-item'>\n\t\t\t<dt class='gallery-icon landscape'>\n\t\t\t\t<a href='https:\/\/www.hb2.tuwien.ac.at\/wp-content\/uploads\/kanalwal_eroeffnung_copyright_wolfgang_thaler-1.jpg'><img loading=\"lazy\" decoding=\"async\" width=\"348\" height=\"280\" src=\"https:\/\/www.hb2.tuwien.ac.at\/wp-content\/uploads\/kanalwal_eroeffnung_copyright_wolfgang_thaler-1-348x280.jpg\" class=\"attachment-thumbnail size-thumbnail\" alt=\"\" \/><\/a>\n\t\t\t<\/dt><\/dl><dl class='gallery-item'>\n\t\t\t<dt class='gallery-icon landscape'>\n\t\t\t\t<a href='https:\/\/www.hb2.tuwien.ac.at\/wp-content\/uploads\/kanalWAL_Wolfgang-Thaler_59A2105.jpg'><img loading=\"lazy\" decoding=\"async\" width=\"348\" height=\"280\" src=\"https:\/\/www.hb2.tuwien.ac.at\/wp-content\/uploads\/kanalWAL_Wolfgang-Thaler_59A2105-348x280.jpg\" class=\"attachment-thumbnail size-thumbnail\" alt=\"\" \/><\/a>\n\t\t\t<\/dt><\/dl><dl class='gallery-item'>\n\t\t\t<dt class='gallery-icon portrait'>\n\t\t\t\t<a href='https:\/\/www.hb2.tuwien.ac.at\/wp-content\/uploads\/kanalwal_eroeffnung_copyright_wolfgang_thaler-6.jpg'><img loading=\"lazy\" decoding=\"async\" width=\"348\" height=\"280\" src=\"https:\/\/www.hb2.tuwien.ac.at\/wp-content\/uploads\/kanalwal_eroeffnung_copyright_wolfgang_thaler-6-348x280.jpg\" class=\"attachment-thumbnail size-thumbnail\" alt=\"\" \/><\/a>\n\t\t\t<\/dt><\/dl><br style=\"clear: both\" \/><dl class='gallery-item'>\n\t\t\t<dt class='gallery-icon landscape'>\n\t\t\t\t<a href='https:\/\/www.hb2.tuwien.ac.at\/wp-content\/uploads\/kanalwal_eroeffnung_copyright_wolfgang_thaler-9.jpg'><img loading=\"lazy\" decoding=\"async\" width=\"348\" height=\"280\" src=\"https:\/\/www.hb2.tuwien.ac.at\/wp-content\/uploads\/kanalwal_eroeffnung_copyright_wolfgang_thaler-9-348x280.jpg\" class=\"attachment-thumbnail size-thumbnail\" alt=\"\" \/><\/a>\n\t\t\t<\/dt><\/dl><dl class='gallery-item'>\n\t\t\t<dt class='gallery-icon portrait'>\n\t\t\t\t<a href='https:\/\/www.hb2.tuwien.ac.at\/wp-content\/uploads\/kanalwal_stehzeit_copyright_wolfgang_thaler-1.jpg'><img loading=\"lazy\" decoding=\"async\" width=\"348\" height=\"280\" src=\"https:\/\/www.hb2.tuwien.ac.at\/wp-content\/uploads\/kanalwal_stehzeit_copyright_wolfgang_thaler-1-348x280.jpg\" class=\"attachment-thumbnail size-thumbnail\" alt=\"\" \/><\/a>\n\t\t\t<\/dt><\/dl><dl class='gallery-item'>\n\t\t\t<dt class='gallery-icon landscape'>\n\t\t\t\t<a href='https:\/\/www.hb2.tuwien.ac.at\/wp-content\/uploads\/59A2011.jpg'><img loading=\"lazy\" decoding=\"async\" width=\"348\" height=\"280\" src=\"https:\/\/www.hb2.tuwien.ac.at\/wp-content\/uploads\/59A2011-348x280.jpg\" class=\"attachment-thumbnail size-thumbnail\" alt=\"\" \/><\/a>\n\t\t\t<\/dt><\/dl><br style=\"clear: both\" \/>\n\t\t<\/div>","protected":false},"excerpt":{"rendered":"<p>Sorry, this entry is only available in DE.Instagram Facebook\u00a0 Book STAYCATION \/\/ kanalWAL &nbsp; S T A Y C A T I O N \/\/ kanalWAL Donaukanal, H\u00f6he Rotundenbr\u00fccke, 1020 Wien S&hellip;<\/p>\n","protected":false},"author":7,"featured_media":6075,"comment_status":"closed","ping_status":"closed","sticky":false,"template":"","format":"standard","meta":{"footnotes":""},"categories":[263,165],"tags":[],"class_list":["post-4221","post","type-post","status-publish","format-standard","has-post-thumbnail","hentry","category-2023w","category-design-master"],"publishpress_future_action":{"enabled":false,"date":"2026-05-08 13:16:35","action":"change-status","newStatus":"draft","terms":[],"taxonomy":"category","extraData":[]},"publishpress_future_workflow_manual_trigger":{"enabledWorkflows":[]},"_links":{"self":[{"href":"https:\/\/www.hb2.tuwien.ac.at\/en\/wp-json\/wp\/v2\/posts\/4221","targetHints":{"allow":["GET"]}}],"collection":[{"href":"https:\/\/www.hb2.tuwien.ac.at\/en\/wp-json\/wp\/v2\/posts"}],"about":[{"href":"https:\/\/www.hb2.tuwien.ac.at\/en\/wp-json\/wp\/v2\/types\/post"}],"author":[{"embeddable":true,"href":"https:\/\/www.hb2.tuwien.ac.at\/en\/wp-json\/wp\/v2\/users\/7"}],"replies":[{"embeddable":true,"href":"https:\/\/www.hb2.tuwien.ac.at\/en\/wp-json\/wp\/v2\/comments?post=4221"}],"version-history":[{"count":0,"href":"https:\/\/www.hb2.tuwien.ac.at\/en\/wp-json\/wp\/v2\/posts\/4221\/revisions"}],"wp:featuredmedia":[{"embeddable":true,"href":"https:\/\/www.hb2.tuwien.ac.at\/en\/wp-json\/wp\/v2\/media\/6075"}],"wp:attachment":[{"href":"https:\/\/www.hb2.tuwien.ac.at\/en\/wp-json\/wp\/v2\/media?parent=4221"}],"wp:term":[{"taxonomy":"category","embeddable":true,"href":"https:\/\/www.hb2.tuwien.ac.at\/en\/wp-json\/wp\/v2\/categories?post=4221"},{"taxonomy":"post_tag","embeddable":true,"href":"https:\/\/www.hb2.tuwien.ac.at\/en\/wp-json\/wp\/v2\/tags?post=4221"}],"curies":[{"name":"wp","href":"https:\/\/api.w.org\/{rel}","templated":true}]}}